{"id":12966,"date":"2016-03-09T16:45:49","date_gmt":"2016-03-09T22:45:49","guid":{"rendered":"http:\/\/www.pwtorch.com\/site\/?p=12966"},"modified":"2016-07-11T13:09:02","modified_gmt":"2016-07-11T18:09:02","slug":"el-rey-announces-season-3-tv-tapings-lucha-underground","status":"publish","type":"post","link":"https:\/\/www.pwtorch.com\/site\/2016\/03\/09\/el-rey-announces-season-3-tv-tapings-lucha-underground\/","title":{"rendered":"El Rey announces Season 3 TV tapings for Lucha Underground"},"content":{"rendered":"<div id=\"pwtor-3564944357\" class=\"pwtor-before-content pwtor-entity-placement\"><hr \/><b>SPOTLIGHTED PODCAST ALERT (YOUR ARTICLE BEGINS A FEW INCHES DOWN)... <\/b>\r\n\r\n<iframe src=\"https:\/\/widget.spreaker.com\/player?show_id=3076978&theme=light&playlist=false&playlist-continuous=false&autoplay=false&live-autoplay=false&chapters-image=true&episode_image_position=right&hide-logo=false&hide-likes=false&hide-comments=false&hide-sharing=false&hide-download=true\" width=\"100%\" height=\"140px\" frameborder=\"0\"><\/iframe>\r\n<hr \/><\/div><p>Lucha Underground Season 3 will begin filming this month, El Rey Network announced Wednesday.<\/p>\n<p>The current Season 2 TV episodes began airing in January, but the producers want to get a jump-start on Season 3, which will premiere in early 2017.<\/p>\n<p>TV tapings will remain\u00a0in the Boyle Heights section of Los Angeles. Two episodes will be taped each day on the following dates&#8230;<\/p>\n<ul>\n<li>March 19-20 and March 26-27<\/li>\n<li>April 9-10 and April 23-24<\/li>\n<li>May 7-8<\/li>\n<\/ul>\n<p>In a press release, El Rey presented Lucha Underground as a &#8220;phenomenon&#8221; with\u00a0celebrity fans like &#8220;The Rock&#8221; Dwayne Johnson and Danny Trejo.<\/p>\n<p>[ FYI:\u00a0\u201cLucha Underground\u201d is produced by MGM in association with FactoryMade Ventures and AG Studios for El Rey Network.\u00a0 Executive producers are Mark Burnett, Eric Van Wagenen (also showrunner), and Brian Edwards of MGM, plus Dorian Rold\u00e1n from Lucha Libre AAA, Alejandro Garcia and Antonio Cu\u00e9 S\u00e1nchez-Navarro, and El Rey Network co-founder Robert Rodriguez. The series airs on El Rey Network and is distributed internationally byMGM. ]<\/p>\n<div class=\"pwtor-end-article-groups pwtor-entity-placement\" id=\"pwtor-3709936736\"><div id=\"pwtor-2579396378\"><div align=\"center\" data-freestar-ad=\"__336x280\" id=\"pwtorchcom_medrec_3\">\r\n  <script data-cfasync=\"false\" type=\"text\/javascript\">\r\n    freestar.config.enabled_slots.push({ placementName: \"pwtorchcom_medrec_3\", slotId: \"pwtorchcom_medrec_3\" });\r\n  <\/script>\r\n<\/div>\r\n\r\nTHANK YOU FOR VISITING<\/div><\/div>","protected":false},"excerpt":{"rendered":"<div class=\"mh-excerpt\"><p>Lucha Underground Season 3 will begin filming this month, El Rey Network announced Wednesday. The current Season 2 TV episodes began airing in January, but the producers want to get a jump-start on Season 3, <a class=\"mh-excerpt-more\" href=\"https:\/\/www.pwtorch.com\/site\/2016\/03\/09\/el-rey-announces-season-3-tv-tapings-lucha-underground\/\" title=\"El Rey announces Season 3 TV tapings for Lucha Underground\">[&#8230;]<\/a><\/p>\n<\/div>","protected":false},"author":2,"featured_media":5165,"comment_status":"open","ping_status":"open","sticky":false,"template":"","format":"standard","meta":{"episode_type":"","audio_file":"","podmotor_file_id":"","podmotor_episode_id":"","cover_image":"","cover_image_id":"","duration":"","filesize":"","filesize_raw":"","date_recorded":"","explicit":"","block":"","itunes_episode_number":"","itunes_title":"","itunes_season_number":"","itunes_episode_type":"","_jetpack_memberships_contains_paid_content":false,"footnotes":""},"categories":[3380],"tags":[902,717],"class_list":["post-12966","post","type-post","status-publish","format-standard","has-post-thumbnail","hentry","category-lucha-news","tag-el-rey-network","tag-lucha-underground"],"jetpack_featured_media_url":"https:\/\/www.pwtorch.com\/site\/wp-content\/uploads\/post\/2015\/12\/LuchaUnderground.jpg","jetpack_sharing_enabled":true,"_links":{"self":[{"href":"https:\/\/www.pwtorch.com\/site\/wp-json\/wp\/v2\/posts\/12966","targetHints":{"allow":["GET"]}}],"collection":[{"href":"https:\/\/www.pwtorch.com\/site\/wp-json\/wp\/v2\/posts"}],"about":[{"href":"https:\/\/www.pwtorch.com\/site\/wp-json\/wp\/v2\/types\/post"}],"author":[{"embeddable":true,"href":"https:\/\/www.pwtorch.com\/site\/wp-json\/wp\/v2\/users\/2"}],"replies":[{"embeddable":true,"href":"https:\/\/www.pwtorch.com\/site\/wp-json\/wp\/v2\/comments?post=12966"}],"version-history":[{"count":1,"href":"https:\/\/www.pwtorch.com\/site\/wp-json\/wp\/v2\/posts\/12966\/revisions"}],"predecessor-version":[{"id":12967,"href":"https:\/\/www.pwtorch.com\/site\/wp-json\/wp\/v2\/posts\/12966\/revisions\/12967"}],"wp:featuredmedia":[{"embeddable":true,"href":"https:\/\/www.pwtorch.com\/site\/wp-json\/wp\/v2\/media\/5165"}],"wp:attachment":[{"href":"https:\/\/www.pwtorch.com\/site\/wp-json\/wp\/v2\/media?parent=12966"}],"wp:term":[{"taxonomy":"category","embeddable":true,"href":"https:\/\/www.pwtorch.com\/site\/wp-json\/wp\/v2\/categories?post=12966"},{"taxonomy":"post_tag","embeddable":true,"href":"https:\/\/www.pwtorch.com\/site\/wp-json\/wp\/v2\/tags?post=12966"}],"curies":[{"name":"wp","href":"https:\/\/api.w.org\/{rel}","templated":true}]}}