{"id":5164,"date":"2015-12-09T13:42:40","date_gmt":"2015-12-09T19:42:40","guid":{"rendered":"http:\/\/www.pwtorch.com\/site\/?p=5164"},"modified":"2016-07-11T13:13:06","modified_gmt":"2016-07-11T18:13:06","slug":"5164","status":"publish","type":"post","link":"https:\/\/www.pwtorch.com\/site\/2015\/12\/09\/5164\/","title":{"rendered":"Lucha Underground Season 2 premiere date"},"content":{"rendered":"<div id=\"pwtor-884068330\" class=\"pwtor-before-content pwtor-entity-placement\"><hr \/><b>SPOTLIGHTED PODCAST ALERT (YOUR ARTICLE BEGINS A FEW INCHES DOWN)... <\/b>\r\n\r\n<iframe src=\"https:\/\/widget.spreaker.com\/player?show_id=3076978&theme=light&playlist=false&playlist-continuous=false&autoplay=false&live-autoplay=false&chapters-image=true&episode_image_position=right&hide-logo=false&hide-likes=false&hide-comments=false&hide-sharing=false&hide-download=true\" width=\"100%\" height=\"140px\" frameborder=\"0\"><\/iframe>\r\n<hr \/><\/div><p>El Rey Network has announced that Season Two of Lucha Underground will premiere on <strong>Wednesday, January 27<\/strong> at 8:00 p.m. EST\/PST.<\/p>\n<p>The hour-long weekly show is &#8220;currently in production&#8221; following recent TV tapings in the Boyle Heights district of Los Angeles, California.<\/p>\n<p>\u201cSeason Two of \u2018Lucha Underground\u2019 absolutely stands on the shoulders of last season with even more excitement and high-flying drama than ever before,&#8221; said El Rey Network Chairman and Founder Robert Rodriguez.\u00a0 \u201cMark Burnett and his team have delivered a truly compelling series and we are proud to bring the ancient traditions of Luche Libre to life in an unexpected and action packed format that has become a favorite for wrestling fans everywhere.&#8221;<\/p>\n<p>Leading into the Season 2 premiere, El Rey is going all-out with a marathon of Season 1 episodes.<\/p>\n<p>There will be five hours of back-to-back episodes starting Wednesday, January 6. Then, a 40-hour marathon of the entire season from Saturday, January 23 to Sunday, January 24.<\/p>\n<p>[ FYI:\u00a0\u201cLucha Underground\u201d is produced by United Artists Media Group in association with FactoryMade Ventures for El Rey Network.\u00a0 Executive producers are Mark Burnett, Eric Van Wagenen (also showrunner), and Brian Edwards of United Artists Media Group; Dorian Rold\u00e1n from Lucha Libre AAA; Alejandro Garcia and Antonio Cu\u00e9 S\u00e1nchez-Navarro; El Rey Network co-founder Robert Rodriguez; FactoryMade Ventures and El Rey Network co-founders John Fogelman and Cristina Patwa and Skip Chaisson of Skip Films and El Rey Network. The series airs on El Rey Network and is distributed internationally by United Artists Media Group. ]<\/p>\n<div class=\"pwtor-end-article-groups pwtor-entity-placement\" id=\"pwtor-3472674253\"><div id=\"pwtor-2762469941\"><div align=\"center\" data-freestar-ad=\"__336x280\" id=\"pwtorchcom_medrec_3\">\r\n  <script data-cfasync=\"false\" type=\"text\/javascript\">\r\n    freestar.config.enabled_slots.push({ placementName: \"pwtorchcom_medrec_3\", slotId: \"pwtorchcom_medrec_3\" });\r\n  <\/script>\r\n<\/div>\r\n\r\nTHANK YOU FOR VISITING<\/div><\/div>","protected":false},"excerpt":{"rendered":"<div class=\"mh-excerpt\"><p>El Rey Network has announced that Season Two of Lucha Underground will premiere on Wednesday, January 27 at 8:00 p.m. EST\/PST. The hour-long weekly show is &#8220;currently in production&#8221; following recent TV tapings in the <a class=\"mh-excerpt-more\" href=\"https:\/\/www.pwtorch.com\/site\/2015\/12\/09\/5164\/\" title=\"Lucha Underground Season 2 premiere date\">[&#8230;]<\/a><\/p>\n<\/div>","protected":false},"author":2,"featured_media":5165,"comment_status":"open","ping_status":"open","sticky":false,"template":"","format":"standard","meta":{"episode_type":"","audio_file":"","podmotor_file_id":"","podmotor_episode_id":"","cover_image":"","cover_image_id":"","duration":"","filesize":"","filesize_raw":"","date_recorded":"","explicit":"","block":"","itunes_episode_number":"","itunes_title":"","itunes_season_number":"","itunes_episode_type":"","_jetpack_memberships_contains_paid_content":false,"footnotes":""},"categories":[3380],"tags":[902,717,1275,1276],"class_list":["post-5164","post","type-post","status-publish","format-standard","has-post-thumbnail","hentry","category-lucha-news","tag-el-rey-network","tag-lucha-underground","tag-mark-burnett","tag-robert-rodriguez"],"jetpack_featured_media_url":"https:\/\/www.pwtorch.com\/site\/wp-content\/uploads\/post\/2015\/12\/LuchaUnderground.jpg","jetpack_sharing_enabled":true,"_links":{"self":[{"href":"https:\/\/www.pwtorch.com\/site\/wp-json\/wp\/v2\/posts\/5164","targetHints":{"allow":["GET"]}}],"collection":[{"href":"https:\/\/www.pwtorch.com\/site\/wp-json\/wp\/v2\/posts"}],"about":[{"href":"https:\/\/www.pwtorch.com\/site\/wp-json\/wp\/v2\/types\/post"}],"author":[{"embeddable":true,"href":"https:\/\/www.pwtorch.com\/site\/wp-json\/wp\/v2\/users\/2"}],"replies":[{"embeddable":true,"href":"https:\/\/www.pwtorch.com\/site\/wp-json\/wp\/v2\/comments?post=5164"}],"version-history":[{"count":1,"href":"https:\/\/www.pwtorch.com\/site\/wp-json\/wp\/v2\/posts\/5164\/revisions"}],"predecessor-version":[{"id":5166,"href":"https:\/\/www.pwtorch.com\/site\/wp-json\/wp\/v2\/posts\/5164\/revisions\/5166"}],"wp:featuredmedia":[{"embeddable":true,"href":"https:\/\/www.pwtorch.com\/site\/wp-json\/wp\/v2\/media\/5165"}],"wp:attachment":[{"href":"https:\/\/www.pwtorch.com\/site\/wp-json\/wp\/v2\/media?parent=5164"}],"wp:term":[{"taxonomy":"category","embeddable":true,"href":"https:\/\/www.pwtorch.com\/site\/wp-json\/wp\/v2\/categories?post=5164"},{"taxonomy":"post_tag","embeddable":true,"href":"https:\/\/www.pwtorch.com\/site\/wp-json\/wp\/v2\/tags?post=5164"}],"curies":[{"name":"wp","href":"https:\/\/api.w.org\/{rel}","templated":true}]}}